{"id":149,"date":"2021-09-19T12:42:44","date_gmt":"2021-09-19T12:42:44","guid":{"rendered":"https:\/\/webredox.net\/demo\/wp\/bauen\/light\/multi\/demo1\/?p=149"},"modified":"2023-09-19T21:17:15","modified_gmt":"2023-09-19T18:17:15","slug":"omer-halisdemir-stadium-has-opened","status":"publish","type":"post","link":"https:\/\/ergungroup.com.tr\/en\/omer-halisdemir-stadium-has-opened\/","title":{"rendered":"\u00d6mer Halisdemir Stadium Has Opened"},"content":{"rendered":"\t\t<div data-elementor-type=\"wp-post\" data-elementor-id=\"149\" class=\"elementor elementor-149\">\n\t\t\t\t\t\t\t\t\t<section class=\"elementor-section elementor-top-section elementor-element elementor-element-1cd0db6e elementor-section-full_width elementor-section-height-default elementor-section-height-default\" data-id=\"1cd0db6e\" data-element_type=\"section\">\n\t\t\t\t\t\t<div class=\"elementor-container elementor-column-gap-default\">\n\t\t\t\t\t<div class=\"elementor-column elementor-col-100 elementor-top-column elementor-element elementor-element-50f62e6f\" data-id=\"50f62e6f\" data-element_type=\"column\">\n\t\t\t<div class=\"elementor-widget-wrap elementor-element-populated\">\n\t\t\t\t\t\t\t\t<section class=\"elementor-section elementor-inner-section elementor-element elementor-element-25044e45 elementor-section-boxed elementor-section-height-default elementor-section-height-default\" data-id=\"25044e45\" data-element_type=\"section\">\n\t\t\t\t\t\t<div class=\"elementor-container elementor-column-gap-default\">\n\t\t\t\t\t<div class=\"elementor-column elementor-col-100 elementor-inner-column elementor-element elementor-element-439fdd82\" data-id=\"439fdd82\" data-element_type=\"column\">\n\t\t\t<div class=\"elementor-widget-wrap elementor-element-populated\">\n\t\t\t\t\t\t\t\t<div class=\"elementor-element elementor-element-362049ba elementor-widget elementor-widget-bauen-image\" data-id=\"362049ba\" data-element_type=\"widget\" data-widget_type=\"bauen-image.default\">\n\t\t\t\t<div class=\"elementor-widget-container\">\n\t\t\t\t\t\n\t\t\t\t\n\t\t\t<div class=\"sec-img\">\n\t\t\t    \t\t\t\n\t\t\t\t <img decoding=\"async\" src=\"https:\/\/ergungroup.com.tr\/en\/wp-content\/uploads\/2021\/09\/omer-halisdemir-stadi-acildi.jpg\" class=\"img-responsive\" alt=\"\u00f6mer halisdemir stad\u0131 a\u00e7\u0131ld\u0131\"> \n\t\t\t\t\t\n\t\t\t<\/div>\n\t\t\n\t\t\t\t\t\n\t\t\n\t\t\t\n        \t\t<\/div>\n\t\t\t\t<\/div>\n\t\t\t\t<div class=\"elementor-element elementor-element-24c3aaff elementor-widget elementor-widget-bauen-title\" data-id=\"24c3aaff\" data-element_type=\"widget\" data-widget_type=\"bauen-title.default\">\n\t\t\t\t<div class=\"elementor-widget-container\">\n\t\t\t\t\t\n\t\t\t\t\t\t\t\t<h1 class=\"section-title2 text-left\">\u00d6mer Halisdemir Stadium Has Opened<\/h1>\n\t\t\t\t\t\t\t\t\t\t\t\n\t\t\n\t\t\t\n        \t\t<\/div>\n\t\t\t\t<\/div>\n\t\t\t\t<div class=\"elementor-element elementor-element-3ab1026a elementor-widget elementor-widget-bauen-text\" data-id=\"3ab1026a\" data-element_type=\"widget\" data-widget_type=\"bauen-text.default\">\n\t\t\t\t<div class=\"elementor-widget-container\">\n\t\t\t\t\t<div class=\"bn-text-block clear \">\n\t\t<p>Mayor of Kocaeli Metropolitan Municipality \u0130brahim Karaosmano\u011flu, AK Party Kocaeli Provincial Chairman \u015eemsettin Ceyhan, Mayor of Ba\u015fiskele Municipality H\u00fcseyin Ayaz, Rector of KOU Prof. Dr. Sadettin H\u00fclag\u00fc, Provincial Director of \u0130\u015fkur Ulvi Y\u0131lmaz, students and citizens attended the opening of the facility built in Yuvac\u0131k Do\u011fantepe Neighborhood of Ba\u015fiskele District.<\/p>\t\t<\/div>\n\t\t\t\t<\/div>\n\t\t\t\t<\/div>\n\t\t\t\t\t<\/div>\n\t\t<\/div>\n\t\t\t\t\t\t\t<\/div>\n\t\t<\/section>\n\t\t\t\t\t<\/div>\n\t\t<\/div>\n\t\t\t\t\t\t\t<\/div>\n\t\t<\/section>\n\t\t\t\t\t\t\t<\/div>\n\t\t","protected":false},"excerpt":{"rendered":"<p>\u00d6mer Halisdemir Stadium Has Opened Mayor of Kocaeli Metropolitan Municipality \u0130brahim Karaosmano\u011flu, AK Party Kocaeli Provincial Chairman \u015eemsettin Ceyhan, Mayor of Ba\u015fiskele Municipality H\u00fcseyin Ayaz, Rector of KOU Prof. Dr. Sadettin H\u00fclag\u00fc, Provincial Director of \u0130\u015fkur Ulvi Y\u0131lmaz, students and citizens attended the opening of the facility built in Yuvac\u0131k Do\u011fantepe Neighborhood of Ba\u015fiskele District.<\/p>\n","protected":false},"author":1,"featured_media":2099,"comment_status":"closed","ping_status":"open","sticky":false,"template":"","format":"standard","meta":{"_mi_skip_tracking":false,"_monsterinsights_sitenote_active":false,"_monsterinsights_sitenote_note":"","_monsterinsights_sitenote_category":0,"footnotes":"","_links_to":"","_links_to_target":""},"categories":[2],"tags":[],"class_list":["post-149","post","type-post","status-publish","format-standard","has-post-thumbnail","hentry","category-news"],"aioseo_notices":[],"_links":{"self":[{"href":"https:\/\/ergungroup.com.tr\/en\/wp-json\/wp\/v2\/posts\/149","targetHints":{"allow":["GET"]}}],"collection":[{"href":"https:\/\/ergungroup.com.tr\/en\/wp-json\/wp\/v2\/posts"}],"about":[{"href":"https:\/\/ergungroup.com.tr\/en\/wp-json\/wp\/v2\/types\/post"}],"author":[{"embeddable":true,"href":"https:\/\/ergungroup.com.tr\/en\/wp-json\/wp\/v2\/users\/1"}],"replies":[{"embeddable":true,"href":"https:\/\/ergungroup.com.tr\/en\/wp-json\/wp\/v2\/comments?post=149"}],"version-history":[{"count":16,"href":"https:\/\/ergungroup.com.tr\/en\/wp-json\/wp\/v2\/posts\/149\/revisions"}],"predecessor-version":[{"id":2712,"href":"https:\/\/ergungroup.com.tr\/en\/wp-json\/wp\/v2\/posts\/149\/revisions\/2712"}],"wp:featuredmedia":[{"embeddable":true,"href":"https:\/\/ergungroup.com.tr\/en\/wp-json\/wp\/v2\/media\/2099"}],"wp:attachment":[{"href":"https:\/\/ergungroup.com.tr\/en\/wp-json\/wp\/v2\/media?parent=149"}],"wp:term":[{"taxonomy":"category","embeddable":true,"href":"https:\/\/ergungroup.com.tr\/en\/wp-json\/wp\/v2\/categories?post=149"},{"taxonomy":"post_tag","embeddable":true,"href":"https:\/\/ergungroup.com.tr\/en\/wp-json\/wp\/v2\/tags?post=149"}],"curies":[{"name":"wp","href":"https:\/\/api.w.org\/{rel}","templated":true}]}}